{"id":1463,"date":"2025-09-02T18:06:26","date_gmt":"2025-09-02T16:06:26","guid":{"rendered":"https:\/\/lozoi.szczecin.pl\/autoinstalator\/wordpressplugins\/?p=1463"},"modified":"2025-09-02T18:41:28","modified_gmt":"2025-09-02T16:41:28","slug":"dofinansowanie-do-podrecznikow-szkolnych","status":"publish","type":"post","link":"https:\/\/lozoi.szczecin.pl\/autoinstalator\/wordpressplugins\/index.php\/2025\/09\/02\/dofinansowanie-do-podrecznikow-szkolnych\/","title":{"rendered":"Dofinansowanie do podr\u0119cznik\u00f3w szkolnych"},"content":{"rendered":"\t\t<div data-elementor-type=\"wp-post\" data-elementor-id=\"1463\" class=\"elementor elementor-1463\">\n\t\t\t\t<div class=\"elementor-element elementor-element-86c2c28 e-flex e-con-boxed e-con e-parent\" data-id=\"86c2c28\" data-element_type=\"container\" data-e-type=\"container\">\n\t\t\t\t\t<div class=\"e-con-inner\">\n\t\t\t\t<div class=\"elementor-element elementor-element-64f294f elementor-widget elementor-widget-text-editor\" data-id=\"64f294f\" data-element_type=\"widget\" data-e-type=\"widget\" data-widget_type=\"text-editor.default\">\n\t\t\t\t\t\t\t\t\t<p><span style=\"text-decoration: underline;\"><span style=\"font-weight: 400;\">Dofinansowanie do podr\u0119cznik\u00f3w na rok szkolny 2025\/2026 <\/span><span style=\"font-weight: 400;\">dla uczni\u00f3w posiadaj\u0105cych <\/span><strong>orzeczenie o potrzebie kszta\u0142cenia specjalnego<\/strong><\/span><\/p><ul><li><span style=\"font-weight: 400;\">Do 05.09.2025 r. \u2013 sk\u0142adamy\u00a0 wype\u0142niony wniosek\u00a0 (do gabinetu 01, 10 lub 11)<\/span><\/li><li><span style=\"font-weight: 400;\">Do 05.09.2025 r. \u2013 przynosimy dowody zakupu lub <\/span><b>o\u015bwiadczenie o zakupie podr\u0119cznik\u00f3w (w za\u0142\u0105czniku)<\/b><\/li><\/ul><p><span style=\"font-weight: 400;\"><strong>WA\u017bNE:<\/strong> Je\u015bli nie posiadamy faktury imiennej prosimy o podpisanie wszystkich paragon\u00f3w imieniem i nazwiskiem ucznia. <\/span><span style=\"font-weight: 400;\">Maksymalna kwota dofinansowania to <\/span><b>445,00 z\u0142.<\/b><\/p><p><span style=\"font-weight: 400;\">W przypadku zakupu podr\u0119cznik\u00f3w i \u0107wicze\u0144 dowodem zakupu jest faktura VAT wystawiona imiennie na ucznia (lub opiekuna ucznia), rachunek, paragon.\u00a0\u00a0<\/span><\/p><p><b>Rekomendujemy\u00a0 wype\u0142nienie o\u015bwiadczenia o zakupie\u00a0 podr\u0119cznik\u00f3w.\u00a0<\/b><\/p><p><span style=\"font-weight: 400;\">W o\u015bwiadczeniu uj\u0105\u0107 mo\u017cemy zakup\u00a0 podr\u0119cznik\u00f3w\u00a0 nowych\u00a0 i u\u017cywanych.<\/span><\/p><p><a href=\"https:\/\/ko.poznan.pl\/wp-content\/uploads\/2023\/06\/nprc_rozporzadzenie.pdf\"><span style=\"font-weight: 400;\">Rozporz\u0105dzenie Rady Ministr\u00f3w z dnia 19 maja 2023 r. w sprawie szczeg\u00f3\u0142owych warunk\u00f3w udzielania pomocy uczniom niepe\u0142nosprawnym w formie dofinansowania zakupu podr\u0119cznik\u00f3w, materia\u0142\u00f3w edukacyjnych i materia\u0142\u00f3w \u0107wiczeniowych w latach 2023\u20132025 (Dz. U. poz. 1046<\/span><\/a><span style=\"font-weight: 400;\">)<\/span><\/p><p><span style=\"font-weight: 400;\">Je\u017celi kto\u015b z Pa\u0144stwa rezygnuje z dofinansowania do\u00a0 zakupu podr\u0119cznik\u00f3w prosimy o przes\u0142anie informacji na adres\u00a0 joanna.rejmann-stawarczyk@lozoi.szczecin.pl<\/span><\/p><p><a href=\"https:\/\/lozoi.szczecin.pl\/autoinstalator\/wordpressplugins\/wp-content\/uploads\/2025\/09\/OSWIADCZENIE-O-ZAKUPIE-PODRECZNIKOW-.docx\">O\u015bwiadczenie o zakupie podr\u0119cznik\u00f3w\u00a0<\/a><\/p><p><a href=\"https:\/\/lozoi.szczecin.pl\/autoinstalator\/wordpressplugins\/wp-content\/uploads\/2025\/09\/WNIOSEK-dofinasowanie-podrecznikow.docx\">Wniosek o dofinansowanie zakupu podr\u0119cznik\u00f3w<\/a><\/p>\t\t\t\t\t\t\t\t<\/div>\n\t\t\t\t\t<\/div>\n\t\t\t\t<\/div>\n\t\t\t\t<\/div>\n\t\t","protected":false},"excerpt":{"rendered":"<p>Dofinansowanie do podr\u0119cznik\u00f3w na rok szkolny 2025\/2026 dla uczni\u00f3w posiadaj\u0105cych orzeczenie o potrzebie kszta\u0142cenia specjalnego Do 05.09.2025 r. \u2013 sk\u0142adamy\u00a0 wype\u0142niony wniosek\u00a0 (do gabinetu 01, 10 lub 11) Do 05.09.2025 r. \u2013 przynosimy dowody zakupu lub o\u015bwiadczenie o zakupie podr\u0119cznik\u00f3w (w za\u0142\u0105czniku) WA\u017bNE: Je\u015bli nie posiadamy faktury imiennej prosimy o podpisanie wszystkich paragon\u00f3w imieniem i [&hellip;]<\/p>\n","protected":false},"author":2,"featured_media":1462,"comment_status":"closed","ping_status":"open","sticky":false,"template":"","format":"standard","meta":{"footnotes":""},"categories":[1],"tags":[],"class_list":["post-1463","post","type-post","status-publish","format-standard","has-post-thumbnail","hentry","category-bez-kategorii"],"_links":{"self":[{"href":"https:\/\/lozoi.szczecin.pl\/autoinstalator\/wordpressplugins\/index.php\/wp-json\/wp\/v2\/posts\/1463","targetHints":{"allow":["GET"]}}],"collection":[{"href":"https:\/\/lozoi.szczecin.pl\/autoinstalator\/wordpressplugins\/index.php\/wp-json\/wp\/v2\/posts"}],"about":[{"href":"https:\/\/lozoi.szczecin.pl\/autoinstalator\/wordpressplugins\/index.php\/wp-json\/wp\/v2\/types\/post"}],"author":[{"embeddable":true,"href":"https:\/\/lozoi.szczecin.pl\/autoinstalator\/wordpressplugins\/index.php\/wp-json\/wp\/v2\/users\/2"}],"replies":[{"embeddable":true,"href":"https:\/\/lozoi.szczecin.pl\/autoinstalator\/wordpressplugins\/index.php\/wp-json\/wp\/v2\/comments?post=1463"}],"version-history":[{"count":25,"href":"https:\/\/lozoi.szczecin.pl\/autoinstalator\/wordpressplugins\/index.php\/wp-json\/wp\/v2\/posts\/1463\/revisions"}],"predecessor-version":[{"id":1500,"href":"https:\/\/lozoi.szczecin.pl\/autoinstalator\/wordpressplugins\/index.php\/wp-json\/wp\/v2\/posts\/1463\/revisions\/1500"}],"wp:featuredmedia":[{"embeddable":true,"href":"https:\/\/lozoi.szczecin.pl\/autoinstalator\/wordpressplugins\/index.php\/wp-json\/wp\/v2\/media\/1462"}],"wp:attachment":[{"href":"https:\/\/lozoi.szczecin.pl\/autoinstalator\/wordpressplugins\/index.php\/wp-json\/wp\/v2\/media?parent=1463"}],"wp:term":[{"taxonomy":"category","embeddable":true,"href":"https:\/\/lozoi.szczecin.pl\/autoinstalator\/wordpressplugins\/index.php\/wp-json\/wp\/v2\/categories?post=1463"},{"taxonomy":"post_tag","embeddable":true,"href":"https:\/\/lozoi.szczecin.pl\/autoinstalator\/wordpressplugins\/index.php\/wp-json\/wp\/v2\/tags?post=1463"}],"curies":[{"name":"wp","href":"https:\/\/api.w.org\/{rel}","templated":true}]}}