{"id":1345,"date":"2025-07-14T19:11:15","date_gmt":"2025-07-14T17:11:15","guid":{"rendered":"https:\/\/lozoi.szczecin.pl\/autoinstalator\/wordpressplugins\/?p=1345"},"modified":"2025-07-18T16:58:17","modified_gmt":"2025-07-18T14:58:17","slug":"informacja-dla-kandydatow-zakwalifikowanych","status":"publish","type":"post","link":"https:\/\/lozoi.szczecin.pl\/autoinstalator\/wordpressplugins\/index.php\/2025\/07\/14\/informacja-dla-kandydatow-zakwalifikowanych\/","title":{"rendered":"Informacja dla kandydat\u00f3w zakwalifikowanych"},"content":{"rendered":"\n<p>Prosz\u0119 Pa\u0144stwa,<\/p>\n\n\n\n<p>kandydatom zakwalifikowanym do LOzOI przypominamy o konieczno\u015bci potwierdzenia woli nauki do 18.07.2025 r. do godz. 12.00 poprzez dostarczenie do szko\u0142y:<\/p>\n\n\n\n<ol class=\"wp-block-list\">\n<li>orygina\u0142u \u015bwiadectwa uko\u0144czenia szko\u0142y podstawowej<\/li>\n\n\n\n<li>orygina\u0142u za\u015bwiadczenia o wynikach egzaminu \u00f3smoklasisty<\/li>\n<\/ol>\n\n\n\n<p>Przed wej\u015bciem do sekretariatu, prosz\u0119 o wype\u0142nienie druk\u00f3w:<\/p>\n\n\n\n<ol class=\"wp-block-list\">\n<li><a href=\"https:\/\/lozoi.szczecin.pl\/autoinstalator\/wordpressplugins\/wp-content\/uploads\/2025\/07\/OSWIADCZENIE-O-UCZESZCZANIU-NA-LEKCJE-RELIGII-ETYKI.pdf\" data-type=\"link\" data-id=\"https:\/\/lozoi.szczecin.pl\/autoinstalator\/wordpressplugins\/wp-content\/uploads\/2025\/07\/OSWIADCZENIE-O-UCZESZCZANIU-NA-LEKCJE-RELIGII-ETYKI.pdf\">O\u015bwiadczenie o ucz\u0119szczaniu na lekcje religii\/etyki<\/a><\/li>\n\n\n\n<li><a href=\"https:\/\/lozoi.szczecin.pl\/autoinstalator\/wordpressplugins\/wp-content\/uploads\/2025\/07\/Klauzula_rodo.pdf\" data-type=\"link\" data-id=\"https:\/\/lozoi.szczecin.pl\/autoinstalator\/wordpressplugins\/wp-content\/uploads\/2025\/07\/Klauzula_rodo.pdf\">Klauzula informacyjna RODO<\/a><\/li>\n\n\n\n<li><a href=\"https:\/\/lozoi.szczecin.pl\/autoinstalator\/wordpressplugins\/wp-content\/uploads\/2025\/07\/ZGODA-NA-PRZETWARZANIE-WIZERUNKU.pdf\" data-type=\"link\" data-id=\"https:\/\/lozoi.szczecin.pl\/autoinstalator\/wordpressplugins\/wp-content\/uploads\/2025\/07\/ZGODA-NA-PRZETWARZANIE-WIZERUNKU.pdf\">Zgoda na przetwarzanie wizerunku<\/a><\/li>\n<\/ol>\n\n\n\n<p>Dodatkowo prosz\u0119 o dostarczenie:<\/p>\n\n\n\n<p>&#8211; jednego podpisanego zdj\u0119cia (wytyczne poni\u017cej)<br>&#8211; karty zdrowia ucznia<\/p>\n\n\n\n<p><\/p>\n\n\n\n<hr class=\"wp-block-separator has-alpha-channel-opacity\"\/>\n\n\n\n<p><\/p>\n\n\n\n<p><strong>Wymagania dotycz\u0105ce zdj\u0119\u0107 do Legitymacji Szkolnej:<\/strong><\/p>\n\n\n\n<ol class=\"wp-block-list\">\n<li>Zdj\u0119cie musi by\u0107 wykonane w taki spos\u00f3b aby twarz osoby fotografowanej by\u0142a skierowana prosto w obiektyw aparatu (en face) \u2013 prostopadle do osi aparatu usytuowanej na wysoko\u015bci pomi\u0119dzy nosem a lini\u0105 oczu (niedopuszczalna jest tzw. \u201eptasia\u201d lub \u201e\u017cabia\u201d perspektywa).<\/li>\n\n\n\n<li>Nale\u017cy zachowa\u0107 symetri\u0119 w pionie \u2013 g\u0142owa nie mo\u017ce by\u0107 przekrzywiona.<\/li>\n\n\n\n<li>Nieprawid\u0142owe jest r\u00f3wnie\u017c zdj\u0119cie wykonane w p\u00f3\u0142profilu.<\/li>\n\n\n\n<li>Fotografia powinna przedstawia\u0107 widoczny owal twarzy.<\/li>\n\n\n\n<li>Osoba fotografowana musi mie\u0107 naturalny wygl\u0105d twarzy (bez \u017cadnych gest\u00f3w mimicznych), z zamkni\u0119tymi ustami.<\/li>\n\n\n\n<li>Brwi musz\u0105 by\u0107 ca\u0142kowicie widoczne, nie jest natomiast konieczne ods\u0142oni\u0119cie ca\u0142ego czo\u0142a.<\/li>\n\n\n\n<li>Dopuszcza si\u0119, by cz\u0119\u015b\u0107 fryzury wystawa\u0142a poza obrys zdj\u0119cia.<\/li>\n\n\n\n<li>Uszy nie musz\u0105 by\u0107 widoczne.<\/li>\n\n\n\n<li>T\u0142o zdj\u0119cia bia\u0142e o\u015bwietlone jednolicie, pozbawione cieni i element\u00f3w ozdobnych. <\/li>\n\n\n\n<li>Zdj\u0119cie musi pokazywa\u0107 tylko osob\u0119 fotografowan\u0105 (\u017cadne inne osoby lub przedmioty nie mog\u0105 by\u0107 widoczne).<\/li>\n\n\n\n<li>Osoba z wrodzonymi lub nabytymi wadami narz\u0105du wzroku mo\u017ce za\u0142\u0105czy\u0107 fotografi\u0119 przedstawiaj\u0105c\u0105 osob\u0119 w okularach z ciemnymi szk\u0142ami, a osoba nosz\u0105ca nakrycie g\u0142owy zgodnie z zasadami swojego wyznania &#8211; fotografi\u0119 przedstawiaj\u0105c\u0105 osob\u0119 z nakryciem g\u0142owy.<\/li>\n\n\n\n<li>Dokumentem po\u015bwiadczaj\u0105cym uprawnienie do za\u0142\u0105czonej fotografii przedstawiaj\u0105cej osob\u0119 w okularach z ciemnymi szk\u0142ami jest orzeczenie o stopniu niepe\u0142nosprawno\u015bci osoby z powodu wrodzonej lub nabytej wady narz\u0105du wzroku, wydane zgodnie z przepisami o orzekaniu o niepe\u0142nosprawno\u015bci i stopniu niepe\u0142nosprawno\u015bci.<\/li>\n\n\n\n<li>Twarz na zdj\u0119ciu powinna zajmowa\u0107 w pionie ok. 60-70% zdj\u0119cia tj. na zdj\u0119ciu o wymiarze 3,5 x 4,5 cm sama twarz od czubka g\u0142owy do podbr\u00f3dka ma mie\u0107 ok. 3 cm.<\/li>\n\n\n\n<li>Zdj\u0119cie w postaci elektronicznej powinno mie\u0107 rozmiary co najmniej 250 x 350 pikseli. Zalecane jest aby zdj\u0119cie posiada\u0142o wymiary 3,5 x 4,5 cm (typowe zdj\u0119cie dowodowe) zeskanowane w rozdzielczo\u015bci 300 dpi.&nbsp; Wymagany jest format jpg. Maksymalny rozmiar pliku ze zdj\u0119ciem to 500 KB.<\/li>\n<\/ol>\n\n\n\n<figure class=\"wp-block-image\"><img decoding=\"async\" src=\"https:\/\/lh7-rt.googleusercontent.com\/docsz\/AD_4nXf9BmG9szbSJKYowJIC2w4Gy82AUGHvJxwrJYOwkyYMvhyksN1N9FCZJoWoCzdpJdAb9YRSyPbdQw5RGB-_w-ORrA9kadu-Ha6yOfuoOVzflzT9u7t0deTyBifyiCFHoVIgyUejsbES146ccyk7Bqk?key=RSt77uhc5SVEHTjYTWtiUw\" alt=\"\"\/><\/figure>\n\n\n\n<p><\/p>\n","protected":false},"excerpt":{"rendered":"<p>Prosz\u0119 Pa\u0144stwa, kandydatom zakwalifikowanym do LOzOI przypominamy o konieczno\u015bci potwierdzenia woli nauki do 18.07.2025 r. do godz. 12.00 poprzez dostarczenie do szko\u0142y: Przed wej\u015bciem do sekretariatu, prosz\u0119 o wype\u0142nienie druk\u00f3w: Dodatkowo prosz\u0119 o dostarczenie: &#8211; jednego podpisanego zdj\u0119cia (wytyczne poni\u017cej)&#8211; karty zdrowia ucznia Wymagania dotycz\u0105ce zdj\u0119\u0107 do Legitymacji Szkolnej:<\/p>\n","protected":false},"author":1,"featured_media":1137,"comment_status":"closed","ping_status":"open","sticky":false,"template":"","format":"standard","meta":{"footnotes":""},"categories":[13],"tags":[],"class_list":["post-1345","post","type-post","status-publish","format-standard","has-post-thumbnail","hentry","category-wydarzenia"],"_links":{"self":[{"href":"https:\/\/lozoi.szczecin.pl\/autoinstalator\/wordpressplugins\/index.php\/wp-json\/wp\/v2\/posts\/1345","targetHints":{"allow":["GET"]}}],"collection":[{"href":"https:\/\/lozoi.szczecin.pl\/autoinstalator\/wordpressplugins\/index.php\/wp-json\/wp\/v2\/posts"}],"about":[{"href":"https:\/\/lozoi.szczecin.pl\/autoinstalator\/wordpressplugins\/index.php\/wp-json\/wp\/v2\/types\/post"}],"author":[{"embeddable":true,"href":"https:\/\/lozoi.szczecin.pl\/autoinstalator\/wordpressplugins\/index.php\/wp-json\/wp\/v2\/users\/1"}],"replies":[{"embeddable":true,"href":"https:\/\/lozoi.szczecin.pl\/autoinstalator\/wordpressplugins\/index.php\/wp-json\/wp\/v2\/comments?post=1345"}],"version-history":[{"count":4,"href":"https:\/\/lozoi.szczecin.pl\/autoinstalator\/wordpressplugins\/index.php\/wp-json\/wp\/v2\/posts\/1345\/revisions"}],"predecessor-version":[{"id":1353,"href":"https:\/\/lozoi.szczecin.pl\/autoinstalator\/wordpressplugins\/index.php\/wp-json\/wp\/v2\/posts\/1345\/revisions\/1353"}],"wp:featuredmedia":[{"embeddable":true,"href":"https:\/\/lozoi.szczecin.pl\/autoinstalator\/wordpressplugins\/index.php\/wp-json\/wp\/v2\/media\/1137"}],"wp:attachment":[{"href":"https:\/\/lozoi.szczecin.pl\/autoinstalator\/wordpressplugins\/index.php\/wp-json\/wp\/v2\/media?parent=1345"}],"wp:term":[{"taxonomy":"category","embeddable":true,"href":"https:\/\/lozoi.szczecin.pl\/autoinstalator\/wordpressplugins\/index.php\/wp-json\/wp\/v2\/categories?post=1345"},{"taxonomy":"post_tag","embeddable":true,"href":"https:\/\/lozoi.szczecin.pl\/autoinstalator\/wordpressplugins\/index.php\/wp-json\/wp\/v2\/tags?post=1345"}],"curies":[{"name":"wp","href":"https:\/\/api.w.org\/{rel}","templated":true}]}}