{"id":1,"date":"2024-03-17T17:10:47","date_gmt":"2024-03-17T16:10:47","guid":{"rendered":"http:\/\/lozoi.home.pl\/autoinstalator\/wordpressplugins\/?p=1"},"modified":"2025-06-27T22:41:43","modified_gmt":"2025-06-27T20:41:43","slug":"witaj-swiecie","status":"publish","type":"post","link":"https:\/\/lozoi.szczecin.pl\/autoinstalator\/wordpressplugins\/index.php\/2024\/03\/17\/witaj-swiecie\/","title":{"rendered":"Mi\u0119dzynarodowe spotkanie na wyspie Uznam"},"content":{"rendered":"\n<p><\/p>\n\n\n\n<p>W dniach 12-16 czerwca 2023 grupa uczni\u00f3w naszej szko\u0142y pod opiek\u0105 p. Moniki Ma\u0142owieckiej i p. Izabeli Tryc wzi\u0119\u0142a udzia\u0142 we wsp\u00f3lnym projekcie z r\u00f3wie\u015bnikami z zaprzyja\u017anionej Gesamtschule Paderborn -Elsen z Niemiec. W miejscu spotka\u0144 dla m\u0142odzie\u017cy JBS Golm w Kamminke zajmowali\u015bmy si\u0119 wsp\u00f3lnie tematyk\u0105 polsko-niemieckiej historii, wsp\u00f3\u0142czesno\u015bci i przysz\u0142o\u015bci. Miejsce spotkania nie jest przypadkowe, gdy\u017c JBS Golm le\u017cy na pograniczu polsko-niemieckim, w pobli\u017cu jednego z wi\u0119kszych miejsc poch\u00f3wku ofiar II wojny \u015bw. w Niemczech. To symboliczne, dawniej granica dzieli\u0142a, a dzisiaj \u0142\u0105czy. Wizyta w tym miejscu oraz zapoznanie si\u0119 z \u017cyciorysami cz\u0119\u015bci ofiar by\u0142y punktem wyj\u015bcia do zaj\u0119\u0107 warsztatowych z polsko-niemieckiej historii. Za ich przeprowadzenie odpowiada\u0142 zesp\u00f3\u0142 pracownik\u00f3w JBS Golm. Jeste\u015bmy wdzi\u0119czni za ogromn\u0105 dawk\u0119 wiedzy, zaanga\u017cowanie i sympati\u0119, z jakimi spotkali\u015bmy si\u0119 podczas naszego pobytu.\u00a0<\/p>\n\n\n\n<p>Mieli\u015bmy okazj\u0119 r\u00f3wnie\u017c do odpoczynku w nadmorskich miejscowo\u015bciach Ahlbeck, Heringsdorf i Trassenheide, zabawy w parku linowym, gry miejskiej w \u015awinouj\u015bciu. Wielk\u0105 warto\u015bci\u0105 by\u0142y wieczorne spotkania, na kt\u00f3rych poznawali\u015bmy kultur\u0119 Niemiec i Polski. Wsp\u00f3lne aktywno\u015bci sportowe i muzyczne sprawi\u0142y, \u017ce zbli\u017cyli\u015bmy si\u0119 do siebie. Kolejny pobyt w Kamminke z r\u00f3wie\u015bnikami z Niemiec planujemy na 17-21 czerwca 2024.<\/p>\n","protected":false},"excerpt":{"rendered":"<p>W dniach 12-16 czerwca 2023 grupa uczni\u00f3w naszej szko\u0142y pod opiek\u0105 p. Moniki Ma\u0142owieckiej i p. Izabeli Tryc wzi\u0119\u0142a udzia\u0142 we wsp\u00f3lnym projekcie z r\u00f3wie\u015bnikami z zaprzyja\u017anionej Gesamtschule Paderborn -Elsen z Niemiec. W miejscu spotka\u0144 dla m\u0142odzie\u017cy JBS Golm w Kamminke zajmowali\u015bmy si\u0119 wsp\u00f3lnie tematyk\u0105 polsko-niemieckiej historii, wsp\u00f3\u0142czesno\u015bci i przysz\u0142o\u015bci. Miejsce spotkania nie jest przypadkowe, [&hellip;]<\/p>\n","protected":false},"author":1,"featured_media":452,"comment_status":"closed","ping_status":"closed","sticky":false,"template":"","format":"standard","meta":{"footnotes":""},"categories":[1,13],"tags":[],"class_list":["post-1","post","type-post","status-publish","format-standard","has-post-thumbnail","hentry","category-bez-kategorii","category-wydarzenia"],"_links":{"self":[{"href":"https:\/\/lozoi.szczecin.pl\/autoinstalator\/wordpressplugins\/index.php\/wp-json\/wp\/v2\/posts\/1","targetHints":{"allow":["GET"]}}],"collection":[{"href":"https:\/\/lozoi.szczecin.pl\/autoinstalator\/wordpressplugins\/index.php\/wp-json\/wp\/v2\/posts"}],"about":[{"href":"https:\/\/lozoi.szczecin.pl\/autoinstalator\/wordpressplugins\/index.php\/wp-json\/wp\/v2\/types\/post"}],"author":[{"embeddable":true,"href":"https:\/\/lozoi.szczecin.pl\/autoinstalator\/wordpressplugins\/index.php\/wp-json\/wp\/v2\/users\/1"}],"replies":[{"embeddable":true,"href":"https:\/\/lozoi.szczecin.pl\/autoinstalator\/wordpressplugins\/index.php\/wp-json\/wp\/v2\/comments?post=1"}],"version-history":[{"count":4,"href":"https:\/\/lozoi.szczecin.pl\/autoinstalator\/wordpressplugins\/index.php\/wp-json\/wp\/v2\/posts\/1\/revisions"}],"predecessor-version":[{"id":815,"href":"https:\/\/lozoi.szczecin.pl\/autoinstalator\/wordpressplugins\/index.php\/wp-json\/wp\/v2\/posts\/1\/revisions\/815"}],"wp:featuredmedia":[{"embeddable":true,"href":"https:\/\/lozoi.szczecin.pl\/autoinstalator\/wordpressplugins\/index.php\/wp-json\/wp\/v2\/media\/452"}],"wp:attachment":[{"href":"https:\/\/lozoi.szczecin.pl\/autoinstalator\/wordpressplugins\/index.php\/wp-json\/wp\/v2\/media?parent=1"}],"wp:term":[{"taxonomy":"category","embeddable":true,"href":"https:\/\/lozoi.szczecin.pl\/autoinstalator\/wordpressplugins\/index.php\/wp-json\/wp\/v2\/categories?post=1"},{"taxonomy":"post_tag","embeddable":true,"href":"https:\/\/lozoi.szczecin.pl\/autoinstalator\/wordpressplugins\/index.php\/wp-json\/wp\/v2\/tags?post=1"}],"curies":[{"name":"wp","href":"https:\/\/api.w.org\/{rel}","templated":true}]}}